{"id":27547,"date":"2022-11-04T17:25:12","date_gmt":"2022-11-04T15:25:12","guid":{"rendered":"https:\/\/nbn23.com\/?p=27547"},"modified":"2022-11-04T20:38:16","modified_gmt":"2022-11-04T18:38:16","slug":"aday-mara-pasado-presente-y-futuro","status":"publish","type":"post","link":"https:\/\/nbn23.com\/es\/aday-mara-pasado-presente-y-futuro\/","title":{"rendered":"Aday Mara: pasado, presente y futuro"},"content":{"rendered":"\t\t<div data-elementor-type=\"wp-post\" data-elementor-id=\"27547\" class=\"elementor elementor-27547\" data-elementor-post-type=\"post\">\n\t\t\t\t\t\t<section class=\"elementor-section elementor-top-section elementor-element elementor-element-9f2f5c3 elementor-section-boxed elementor-section-height-default elementor-section-height-default\" data-id=\"9f2f5c3\" data-element_type=\"section\" data-e-type=\"section\">\n\t\t\t\t\t\t<div class=\"elementor-container elementor-column-gap-default\">\n\t\t\t\t\t<div class=\"elementor-column elementor-col-100 elementor-top-column elementor-element elementor-element-75db44f\" data-id=\"75db44f\" data-element_type=\"column\" data-e-type=\"column\">\n\t\t\t<div class=\"elementor-widget-wrap elementor-element-populated\">\n\t\t\t\t\t\t<div class=\"elementor-element elementor-element-17991c1 elementor-widget elementor-widget-text-editor\" data-id=\"17991c1\" data-element_type=\"widget\" data-e-type=\"widget\" data-widget_type=\"text-editor.default\">\n\t\t\t\t<div class=\"elementor-widget-container\">\n\t\t\t\t\t\t\t\t\t<p style=\"font-weight: 400;\">El internacional sub17 sigue haciendo historia en el baloncesto tras su espectacular verano, en el que gan\u00f3 la medalla de plata con la Selecci\u00f3n y deslumbr\u00f3 a los ojeadores de la NBA.<\/p>\t\t\t\t\t\t\t\t<\/div>\n\t\t\t\t<\/div>\n\t\t\t\t\t<\/div>\n\t\t<\/div>\n\t\t\t\t\t<\/div>\n\t\t<\/section>\n\t\t\t\t<section class=\"elementor-section elementor-top-section elementor-element elementor-element-87c93f4 elementor-section-boxed elementor-section-height-default elementor-section-height-default\" data-id=\"87c93f4\" data-element_type=\"section\" data-e-type=\"section\">\n\t\t\t\t\t\t<div class=\"elementor-container elementor-column-gap-default\">\n\t\t\t\t\t<div class=\"elementor-column elementor-col-100 elementor-top-column elementor-element elementor-element-8a9b712\" data-id=\"8a9b712\" data-element_type=\"column\" data-e-type=\"column\">\n\t\t\t<div class=\"elementor-widget-wrap elementor-element-populated\">\n\t\t\t\t\t\t<div class=\"elementor-element elementor-element-f6185b3 elementor-widget elementor-widget-text-editor\" data-id=\"f6185b3\" data-element_type=\"widget\" data-e-type=\"widget\" data-widget_type=\"text-editor.default\">\n\t\t\t\t<div class=\"elementor-widget-container\">\n\t\t\t\t\t\t\t\t\t<p style=\"font-weight: 400;\">Ahora <a href=\"https:\/\/www.instagram.com\/adaymara15\/\"><strong>Aday Mara<\/strong><\/a>, el joven p\u00edvot del <a href=\"https:\/\/www.instagram.com\/casademontzaragoza\/\"><strong>Casademont Zaragoza<\/strong><\/a> de 17 a\u00f1os y 2,20 metros, se viste de gala cada semana para formar parte del primer equipo en la mejor liga espa\u00f1ola, la<a href=\"https:\/\/twitter.com\/ACBCOM\"> <u>Liga Endesa<\/u><\/a>, despu\u00e9s de hacerse oficial el ascenso del ma\u00f1o.<\/p><p style=\"font-weight: 400;\">Aday lleg\u00f3 a la cantera del Casademont Zaragoza procedente del <a href=\"https:\/\/www.instagram.com\/basketlupus\/\"><strong>Basket Lupus<\/strong><\/a> y desde all\u00ed ha pasado del CadeteA a debutar en <u>Eurocup<\/u> (2021) y <u>Liga Endesa<\/u> (2022). Una carrera mete\u00f3rica que ha convertido al jugador interior en una gran ilusi\u00f3n para la afici\u00f3n ma\u00f1a.<\/p>\t\t\t\t\t\t\t\t<\/div>\n\t\t\t\t<\/div>\n\t\t\t\t\t<\/div>\n\t\t<\/div>\n\t\t\t\t\t<\/div>\n\t\t<\/section>\n\t\t\t\t<section class=\"elementor-section elementor-top-section elementor-element elementor-element-956e117 elementor-section-boxed elementor-section-height-default elementor-section-height-default\" data-id=\"956e117\" data-element_type=\"section\" data-e-type=\"section\">\n\t\t\t\t\t\t<div class=\"elementor-container elementor-column-gap-default\">\n\t\t\t\t\t<div class=\"elementor-column elementor-col-100 elementor-top-column elementor-element elementor-element-b9fdfde\" data-id=\"b9fdfde\" data-element_type=\"column\" data-e-type=\"column\">\n\t\t\t<div class=\"elementor-widget-wrap elementor-element-populated\">\n\t\t\t\t\t\t<div class=\"elementor-element elementor-element-bebe88f elementor-widget elementor-widget-text-editor\" data-id=\"bebe88f\" data-element_type=\"widget\" data-e-type=\"widget\" data-widget_type=\"text-editor.default\">\n\t\t\t\t<div class=\"elementor-widget-container\">\n\t\t\t\t\t\t\t\t\t<p style=\"font-weight: 400;\">El prometedor Aday lleva demostrando su enorme potencial, pr\u00e1cticamente, desde que comenz\u00f3 a botar el bal\u00f3n, pues as\u00ed lo confirman sus datos en <a href=\"https:\/\/swish.nbn23.app\/m9Mm\"><strong>SWISH APP<\/strong><\/a>.<\/p><p style=\"font-weight: 400;\">La aplicaci\u00f3n, creada por <a href=\"https:\/\/nbn23.com\"><strong>NBN23<\/strong><\/a>, recoge todas las estad\u00edsticas de jugadores, clubes y competiciones para proporcionar a los aficionados del baloncesto todos los datos necesarios para disfrutar de una experiencia \u00fanica y personalizada. En ella, Aday fue dejando su sello particular, el cual se puede disfrutar y consultar desde cualquier lugar y en cualquier momento.<\/p>\t\t\t\t\t\t\t\t<\/div>\n\t\t\t\t<\/div>\n\t\t\t\t\t<\/div>\n\t\t<\/div>\n\t\t\t\t\t<\/div>\n\t\t<\/section>\n\t\t\t\t<section class=\"elementor-section elementor-top-section elementor-element elementor-element-71ca35d elementor-section-boxed elementor-section-height-default elementor-section-height-default\" data-id=\"71ca35d\" data-element_type=\"section\" data-e-type=\"section\">\n\t\t\t\t\t\t<div class=\"elementor-container elementor-column-gap-default\">\n\t\t\t\t\t<div class=\"elementor-column elementor-col-100 elementor-top-column elementor-element elementor-element-09d490d\" data-id=\"09d490d\" data-element_type=\"column\" data-e-type=\"column\">\n\t\t\t<div class=\"elementor-widget-wrap elementor-element-populated\">\n\t\t\t\t\t\t<div class=\"elementor-element elementor-element-8683f84 elementor-widget elementor-widget-text-editor\" data-id=\"8683f84\" data-element_type=\"widget\" data-e-type=\"widget\" data-widget_type=\"text-editor.default\">\n\t\t\t\t<div class=\"elementor-widget-container\">\n\t\t\t\t\t\t\t\t\t<p style=\"font-weight: 400;\"><strong>Aday mara, la \u00faltima perla del Casademont que sobrepasa estad\u00edsticas<\/strong><\/p>\t\t\t\t\t\t\t\t<\/div>\n\t\t\t\t<\/div>\n\t\t\t\t\t<\/div>\n\t\t<\/div>\n\t\t\t\t\t<\/div>\n\t\t<\/section>\n\t\t\t\t<section class=\"elementor-section elementor-top-section elementor-element elementor-element-5c81403 elementor-section-boxed elementor-section-height-default elementor-section-height-default\" data-id=\"5c81403\" data-element_type=\"section\" data-e-type=\"section\">\n\t\t\t\t\t\t<div class=\"elementor-container elementor-column-gap-default\">\n\t\t\t\t\t<div class=\"elementor-column elementor-col-100 elementor-top-column elementor-element elementor-element-2a1ef1b\" data-id=\"2a1ef1b\" data-element_type=\"column\" data-e-type=\"column\">\n\t\t\t<div class=\"elementor-widget-wrap elementor-element-populated\">\n\t\t\t\t\t\t<div class=\"elementor-element elementor-element-ac56493 elementor-widget elementor-widget-text-editor\" data-id=\"ac56493\" data-element_type=\"widget\" data-e-type=\"widget\" data-widget_type=\"text-editor.default\">\n\t\t\t\t<div class=\"elementor-widget-container\">\n\t\t\t\t\t\t\t\t\t<p>En la temporada 20\/21, cuando lleg\u00f3 al equipo ma\u00f1o, el talentoso jugador demostr\u00f3 que se le quedaba la categor\u00eda peque\u00f1a. A trav\u00e9s de sus <a href=\"https:\/\/swish.nbn23.app\/aHnsdMb2nTeg6yB29\">estad\u00edsticas en partidos<\/a>, registradas en SWISH, con 25 de valoraci\u00f3n, 19 puntos, un de 100% en triples y 94.7% en tiros de campo, Aday desprend\u00eda talento all\u00e1 d\u00f3nde jugaba.<\/p>\t\t\t\t\t\t\t\t<\/div>\n\t\t\t\t<\/div>\n\t\t\t\t\t<\/div>\n\t\t<\/div>\n\t\t\t\t\t<\/div>\n\t\t<\/section>\n\t\t\t\t<section class=\"elementor-section elementor-top-section elementor-element elementor-element-56084d6 elementor-section-boxed elementor-section-height-default elementor-section-height-default\" data-id=\"56084d6\" data-element_type=\"section\" data-e-type=\"section\">\n\t\t\t\t\t\t<div class=\"elementor-container elementor-column-gap-default\">\n\t\t\t\t\t<div class=\"elementor-column elementor-col-50 elementor-top-column elementor-element elementor-element-40bb6d1\" data-id=\"40bb6d1\" data-element_type=\"column\" data-e-type=\"column\">\n\t\t\t<div class=\"elementor-widget-wrap elementor-element-populated\">\n\t\t\t\t\t\t<div class=\"elementor-element elementor-element-98c4730 elementor-widget elementor-widget-text-editor\" data-id=\"98c4730\" data-element_type=\"widget\" data-e-type=\"widget\" data-widget_type=\"text-editor.default\">\n\t\t\t\t<div class=\"elementor-widget-container\">\n\t\t\t\t\t\t\t\t\t<p style=\"font-weight: 400;\"><span style=\"font-size: inherit; text-align: inherit; background-color: var(--has-background, var(--palettecolor8)); color: var(--theme-text-color); font-family: var(--fontFamily); font-style: var(--fontStyle, inherit); letter-spacing: var(--letterSpacing); text-transform: var(--textTransform); text-decoration: var(--textDecoration);\">El <\/span><a style=\"font-size: inherit; text-align: inherit; font-family: var(--fontFamily); font-style: var(--fontStyle, inherit); letter-spacing: var(--letterSpacing); text-transform: var(--textTransform);\" href=\"https:\/\/swish.nbn23.app\/fByfXBXgT1MvtYfL7\"><u>Campeonato de Arag\u00f3n Junior Masculino<\/u><\/a><span style=\"font-size: inherit; text-align: inherit; background-color: var(--has-background, var(--palettecolor8)); color: var(--theme-text-color); font-family: var(--fontFamily); font-style: var(--fontStyle, inherit); letter-spacing: var(--letterSpacing); text-transform: var(--textTransform); text-decoration: var(--textDecoration);\"> no tard\u00f3 en llegar y con \u00e9l su participaci\u00f3n. Con tan solo 15 a\u00f1os, el p\u00edvot proporcion\u00f3 un aut\u00e9ntico recital en pista convirtiendo, en 13 minutos, 20 puntos con un 100% de efectividad, 8 rebotes y consiguiendo un 33 de valoraci\u00f3n.<\/span><\/p><p style=\"font-weight: 400;\">Pero, todos sab\u00edan que Aday pod\u00eda dar m\u00e1s, cuando depositaron su confianza en convocarle para la<a href=\"https:\/\/swish.nbn23.app\/REpv5gwxEHC6H6xZ6\"> <u>Super Liga EBA Ibercaja<\/u><\/a>, donde se luci\u00f3 en encuentros con 11 puntos, un 83% en tiros libres y un 20 de valoraci\u00f3n en 25 minutos. De hecho, el <strong>17 de noviembre de 2021<\/strong> debut\u00f3 en la primera plantilla del Casademont Zaragoza en un partido frente al <em>Reggio Emilia<\/em> en la sexta jornada de la fase de grupos de la <strong>FIBA Europe Cup<\/strong>. Con este estreno en el primer equipo a sus 16 a\u00f1os y 7 meses, Mara se sit\u00faa en segunda posici\u00f3n en la lista de jugadores m\u00e1s j\u00f3venes en debutar con Casademont Zaragoza, siendo Carlos Aloc\u00e9n el \u00fanico en superarle.<\/p><p style=\"font-size: 16px; text-align: start;\"><strong>Jaume Ponsarnau<\/strong>, entrenador del Zaragoza en la temporada 21\/22 avis\u00f3 del futuro de Mara:<\/p><p style=\"font-size: 16px; text-align: start;\"><span style=\"margin: 0px; padding: 0px; border: none; font-size: inherit; text-align: inherit; line-height: inherit; font-style: italic;\">\u00a0<\/span><span style=\"margin: 0px; padding: 0px; border: none; font-size: inherit; text-align: inherit; line-height: inherit; font-style: italic;\">\u201cEs un jugador con mucha proyecci\u00f3n.<\/span><span style=\"margin: 0px; padding: 0px; border: none; font-size: inherit; text-align: inherit; line-height: inherit; font-style: italic;\">\u00a0Queremos ver las sensaciones de c\u00f3mo un jugador tan especial como \u00e9l puede empezar a competir a alto nivel\u00bb<\/span><\/p><p>Y tanto que pod\u00eda empezar a competir, \u00a1y a nivel mundial! Este pasado verano Aday Mara dej\u00f3 boquiabierto al mundo del baloncesto en su participaci\u00f3n con la <a href=\"https:\/\/www.fiba.basketball\/world\/u17\/2022\">Selecci\u00f3n sub-17<\/a> en el Mundial. Sobre todo, en la Final, con sus 8 puntos, 2 mates, 4 rebotes y 1 asistencia en 19 minutos, contra un potente Estados Unidos.<\/p><p><strong>Jonathan Givony<\/strong>, fundador de<strong>\u00a0DraftExpress<\/strong>, defini\u00f3 a Aday Mara tras verlo en directo en el Mundial U17 como <em>\u00abexcepcionalmente h\u00e1bil para un jugador de su edad, hizo pases sobresalientes desde el poste medio y bajo, y desde el per\u00edmetro. El alto nivel de habilidad que muestra puede convertirlo en un prospect serio de la NBA a medida que avanza su carrera\u00bb.<\/em><\/p>\t\t\t\t\t\t\t\t<\/div>\n\t\t\t\t<\/div>\n\t\t\t\t\t<\/div>\n\t\t<\/div>\n\t\t\t\t<div class=\"elementor-column elementor-col-50 elementor-top-column elementor-element elementor-element-bafd25c\" data-id=\"bafd25c\" data-element_type=\"column\" data-e-type=\"column\">\n\t\t\t<div class=\"elementor-widget-wrap elementor-element-populated\">\n\t\t\t\t\t\t<div class=\"elementor-element elementor-element-0a1b79b elementor-widget elementor-widget-image\" data-id=\"0a1b79b\" data-element_type=\"widget\" data-e-type=\"widget\" data-widget_type=\"image.default\">\n\t\t\t\t<div class=\"elementor-widget-container\">\n\t\t\t\t\t\t\t\t\t\t\t\t\t\t\t<img fetchpriority=\"high\" decoding=\"async\" width=\"556\" height=\"828\" src=\"https:\/\/nbn23.com\/wp-content\/uploads\/2022\/11\/Captura-de-Pantalla-2022-11-04-a-las-16.23.59.png\" class=\"attachment-medium_large size-medium_large wp-image-27597 wp-post-image\" alt=\"\" srcset=\"https:\/\/nbn23.com\/wp-content\/uploads\/2022\/11\/Captura-de-Pantalla-2022-11-04-a-las-16.23.59.png 556w, https:\/\/nbn23.com\/wp-content\/uploads\/2022\/11\/Captura-de-Pantalla-2022-11-04-a-las-16.23.59-201x300.png 201w\" sizes=\"(max-width: 556px) 100vw, 556px\" \/>\t\t\t\t\t\t\t\t\t\t\t\t\t\t\t<\/div>\n\t\t\t\t<\/div>\n\t\t\t\t\t<\/div>\n\t\t<\/div>\n\t\t\t\t\t<\/div>\n\t\t<\/section>\n\t\t\t\t<section class=\"elementor-section elementor-top-section elementor-element elementor-element-a92b9ea elementor-section-boxed elementor-section-height-default elementor-section-height-default\" data-id=\"a92b9ea\" data-element_type=\"section\" data-e-type=\"section\">\n\t\t\t\t\t\t<div class=\"elementor-container elementor-column-gap-default\">\n\t\t\t\t\t<div class=\"elementor-column elementor-col-100 elementor-top-column elementor-element elementor-element-573f7b2\" data-id=\"573f7b2\" data-element_type=\"column\" data-e-type=\"column\">\n\t\t\t<div class=\"elementor-widget-wrap elementor-element-populated\">\n\t\t\t\t\t\t<div class=\"elementor-element elementor-element-3d651ef elementor-widget elementor-widget-text-editor\" data-id=\"3d651ef\" data-element_type=\"widget\" data-e-type=\"widget\" data-widget_type=\"text-editor.default\">\n\t\t\t\t<div class=\"elementor-widget-container\">\n\t\t\t\t\t\t\t\t\t<p style=\"font-weight: 400;\"><span style=\"font-size: inherit; text-align: inherit; background-color: var(--has-background, var(--theme-palette-color-8)); color: var(--theme-text-color); font-family: var(--fontFamily); font-style: var(--fontStyle, inherit); letter-spacing: var(--letterSpacing); text-transform: var(--textTransform); text-decoration: var(--textDecoration);\">Ahora, el joven p\u00edvot est\u00e1 recogiendo todos los frutos sembrados durante estos a\u00f1os ya como jugador oficial del primer equipo que le ha visto crecer y, viendo toda su evoluci\u00f3n en las estad\u00edsticas de SWISH, se puede confirmar que queda Aday Mara para a\u00f1os.<\/span><br><\/p>\t\t\t\t\t\t\t\t<\/div>\n\t\t\t\t<\/div>\n\t\t\t\t\t<\/div>\n\t\t<\/div>\n\t\t\t\t\t<\/div>\n\t\t<\/section>\n\t\t\t\t<\/div>\n\t\t","protected":false},"excerpt":{"rendered":"<p>El internacional sub17 sigue haciendo historia en el baloncesto tras su espectacular verano, en el que gan\u00f3 la medalla de plata con la Selecci\u00f3n y deslumbr\u00f3 a los ojeadores de la NBA. Ahora Aday Mara, el joven p\u00edvot del Casademont Zaragoza de 17 a\u00f1os y 2,20 metros, se viste de gala cada semana para formar [&hellip;]<\/p>\n","protected":false},"author":23,"featured_media":27615,"comment_status":"closed","ping_status":"closed","sticky":false,"template":"","format":"standard","meta":{"_exactmetrics_skip_tracking":false,"_exactmetrics_sitenote_active":false,"_exactmetrics_sitenote_note":"","_exactmetrics_sitenote_category":0,"footnotes":""},"categories":[54],"tags":[],"class_list":["post-27547","post","type-post","status-publish","format-standard","has-post-thumbnail","hentry","category-noticia"],"blocksy_meta":{"styles_descriptor":{"styles":{"desktop":"","tablet":"","mobile":""},"google_fonts":[],"version":6}},"aioseo_notices":[],"_links":{"self":[{"href":"https:\/\/nbn23.com\/es\/wp-json\/wp\/v2\/posts\/27547","targetHints":{"allow":["GET"]}}],"collection":[{"href":"https:\/\/nbn23.com\/es\/wp-json\/wp\/v2\/posts"}],"about":[{"href":"https:\/\/nbn23.com\/es\/wp-json\/wp\/v2\/types\/post"}],"author":[{"embeddable":true,"href":"https:\/\/nbn23.com\/es\/wp-json\/wp\/v2\/users\/23"}],"replies":[{"embeddable":true,"href":"https:\/\/nbn23.com\/es\/wp-json\/wp\/v2\/comments?post=27547"}],"version-history":[{"count":12,"href":"https:\/\/nbn23.com\/es\/wp-json\/wp\/v2\/posts\/27547\/revisions"}],"predecessor-version":[{"id":27699,"href":"https:\/\/nbn23.com\/es\/wp-json\/wp\/v2\/posts\/27547\/revisions\/27699"}],"wp:featuredmedia":[{"embeddable":true,"href":"https:\/\/nbn23.com\/es\/wp-json\/wp\/v2\/media\/27615"}],"wp:attachment":[{"href":"https:\/\/nbn23.com\/es\/wp-json\/wp\/v2\/media?parent=27547"}],"wp:term":[{"taxonomy":"category","embeddable":true,"href":"https:\/\/nbn23.com\/es\/wp-json\/wp\/v2\/categories?post=27547"},{"taxonomy":"post_tag","embeddable":true,"href":"https:\/\/nbn23.com\/es\/wp-json\/wp\/v2\/tags?post=27547"}],"curies":[{"name":"wp","href":"https:\/\/api.w.org\/{rel}","templated":true}]}}